[{"@context":"https:\/\/schema.org\/","@type":"Article","@id":"https:\/\/www.al-pa.cz\/sen-u-pobrezi-jadranu\/#Article","mainEntityOfPage":"https:\/\/www.al-pa.cz\/sen-u-pobrezi-jadranu\/","headline":"Sen u pob\u0159e\u017e\u00ed Jadranu","name":"Sen u pob\u0159e\u017e\u00ed Jadranu","description":"Kdo z n\u00e1s by nemiloval kr\u00e1sn\u00e9 a slunn\u00e9 Chorvatsko? Je to na\u0161e velice obl\u00edben\u00e1 destinace, kam se r\u00e1di vrac\u00edme. A je\u0161t\u011b aby tomu tak nebylo, Chorvatsko m\u00e1 toti\u017e opravdu co nab\u00eddnout a vy m\u00e1te d\u016fvod se sem op\u011bt vr\u00e1tit! Bohu\u017eel na\u0161e zem\u011b nem\u00e1 mo\u0159e, a tak n\u00e1s l\u00e1k\u00e1 nav\u0161t\u00edvit ciz\u00ed zemi, kde mo\u0159e je. Za&hellip; <div><a class=\"more-link\" href=\"https:\/\/www.al-pa.cz\/sen-u-pobrezi-jadranu\/\">Continue reading <span class=\"screen-reader-text\">Sen u pob\u0159e\u017e\u00ed Jadranu<\/span><\/a><\/div>","datePublished":"2022-07-08","dateModified":"2023-06-07","author":{"@type":"Person","@id":"https:\/\/www.al-pa.cz\/author\/#Person","name":"","url":"https:\/\/www.al-pa.cz\/author\/","identifier":1,"image":{"@type":"ImageObject","@id":"https:\/\/secure.gravatar.com\/avatar\/80bc9a30a8183589d38927f3b57d5a9aa763777ca2942415b346d54d020a9840?s=96&d=mm&r=g","url":"https:\/\/secure.gravatar.com\/avatar\/80bc9a30a8183589d38927f3b57d5a9aa763777ca2942415b346d54d020a9840?s=96&d=mm&r=g","height":96,"width":96}},"publisher":{"@type":"Organization","name":"al-pa.cz","logo":{"@type":"ImageObject","@id":"\/logo.png","url":"\/logo.png","width":600,"height":60}},"image":{"@type":"ImageObject","@id":"https:\/\/www.al-pa.cz\/wp-content\/uploads\/sea.jpg","url":"https:\/\/www.al-pa.cz\/wp-content\/uploads\/sea.jpg","height":0,"width":0},"url":"https:\/\/www.al-pa.cz\/sen-u-pobrezi-jadranu\/","about":["Business"],"wordCount":414,"articleBody":"   Kdo z n\u00e1s by nemiloval kr\u00e1sn\u00e9 a slunn\u00e9 Chorvatsko? Je to na\u0161e velice obl\u00edben\u00e1 destinace, kam se r\u00e1di vrac\u00edme. A je\u0161t\u011b aby tomu tak nebylo, Chorvatsko m\u00e1 toti\u017e opravdu co nab\u00eddnout a vy m\u00e1te d\u016fvod se sem op\u011bt vr\u00e1tit! Bohu\u017eel na\u0161e zem\u011b nem\u00e1 mo\u0159e, a tak n\u00e1s l\u00e1k\u00e1 nav\u0161t\u00edvit ciz\u00ed zemi, kde mo\u0159e je. Za mo\u0159em ani nemus\u00edte tak daleko, jen\u017ee nen\u00ed mo\u0159e jako mo\u0159e. Nechceme jet nikam, kde je mo\u0159e \u0161pinav\u00e9, studen\u00e9 a pob\u0159e\u017e\u00ed nem\u00e1 co nab\u00eddnout. A pokud chceme kr\u00e1sn\u00e9 \u010dist\u00e9 mo\u0159e, atraktivn\u00ed destinaci a p\u0159\u00edjemn\u00e9 tepl\u00e9 podneb\u00ed, nab\u00edz\u00ed se pr\u00e1v\u011b Chorvatsko. Nen\u00ed toti\u017e ani tak daleko a mnoz\u00ed z n\u00e1s se tam doprav\u00ed hrav\u011b autem anebo vlakem. V Chorvatsku je mnoho kr\u00e1sn\u00fdch p\u0159\u00edstavn\u00edch m\u011bst, kter\u00e9 stoj\u00ed, zato nav\u0161t\u00edvit! Na dovolenou m\u016f\u017eete ale tak na n\u011bkter\u00fd z ostrov\u016f, proto\u017ee i ty maj\u00ed bezpochyby sv\u016fj p\u016fvab! Najdete zde kus historie a zaj\u00edmav\u00e9 architektury a tak\u00e9 spoustu p\u0159\u00edrodn\u00edch atraktivit. Za vid\u011bn\u00ed ur\u010dit\u011b stoj\u00ed nejproslulej\u0161\u00ed vodop\u00e1dy a n\u00e1rodn\u00ed parky! Ka\u017ed\u00e1 zem\u011b nab\u00edz\u00ed jin\u00e9 atraktivity a Chorvatsko m\u00e1 bezpochyby tak\u00e9 sv\u00e9 kouzlo! Pozn\u00e1te zde zase jinou faunu a floru, ne\u017e je u n\u00e1s. Ochutn\u00e1te jinou kuchyni, a zvl\u00e1\u0161t\u011b na ryb\u00e1ch si skv\u011ble pochutn\u00e1te!Kdo m\u00e1 r\u00e1d mo\u0159sk\u00e9 plody, taky zde ochutn\u00e1te v\u00fdborn\u00e9 olihn\u011b, krevety, chobotnice, s\u00e9pie nebo sl\u00e1vky! N\u011bkdo z n\u00e1s si Chorvatsko natolik zamiloval, \u017ee si zde na\u0161el i bydlen\u00ed. Takov\u00fd sen si m\u016f\u017eete splnit i vy a nen\u00ed to nic nere\u00e1ln\u00e9ho! Sta\u010d\u00ed si naj\u00edt nemovitosti Chorvatsko prodej a vybrat vysn\u011bn\u00fd d\u016fm \u010di byt! A ka\u017ed\u00fd den se m\u016f\u017eete probouzet do slunn\u00e9ho dne a kochat se pohledem na mo\u0159e. Poslouchat \u0161um\u011bn\u00ed mo\u0159e a zp\u00edvaj\u00edc\u00ed racky, d\u00fdchat mo\u0159sk\u00fd vzduch, u\u017e\u00edvat si tepl\u00ed\u010dka a slun\u00ed\u010dka! M\u016f\u017eete si zde pronajmout t\u0159eba i jachtu a \u017e\u00edt sv\u016fj sen u\u017e po cel\u00fd \u017eivot! Vyberte si je\u0161t\u011b te\u010f sv\u016fj vysn\u011bn\u00fd byt \u010di d\u016fm, bydlete u mo\u0159e nebo pronaj\u00edmejte byt turist\u016fm a spl\u0148te si sv\u016fj celo\u017eivotn\u00ed sen!                                                                                                                                                                                                                                                                                                                                                                                          5\/5 - (5 votes)        "},{"@context":"https:\/\/schema.org\/","@type":"BreadcrumbList","itemListElement":[{"@type":"ListItem","position":1,"name":"Sen u pob\u0159e\u017e\u00ed Jadranu","item":"https:\/\/www.al-pa.cz\/sen-u-pobrezi-jadranu\/#breadcrumbitem"}]}]