[{"@context":"https:\/\/schema.org\/","@type":"Article","@id":"https:\/\/www.al-pa.cz\/rovne-nebo-lokny-muzete-mit-oboji\/#Article","mainEntityOfPage":"https:\/\/www.al-pa.cz\/rovne-nebo-lokny-muzete-mit-oboji\/","headline":"Rovn\u00e9 nebo lokny? M\u016f\u017eete m\u00edt oboj\u00ed","name":"Rovn\u00e9 nebo lokny? M\u016f\u017eete m\u00edt oboj\u00ed","description":"Ka\u017ed\u00e1 \u017eena tou\u017e\u00ed po kr\u00e1sn\u00fdch vlasech a ka\u017ed\u00e1 z n\u00e1s tou\u017e\u00ed p\u0159esn\u011b po tom, co nem\u00e1. Majitelka rovn\u00fdch vlas\u016f by cht\u011bla vlnit\u00e9. \u017dena s kudrnatou h\u0159\u00edvou naopak prahne po vlasech rovn\u00fdch jako h\u0159eb\u00edky. A\u0165 u\u017e pat\u0159\u00edte k jedn\u00e9 nebo druh\u00e9 skupin\u011b, nebo prost\u011b jen pot\u0159ebujete zkrotit rozl\u00e9tan\u00e9 \u010di krepat\u00e9 vlasy, neobejdete se, krom\u011b n\u011bkolika stylingov\u00fdch&hellip; <div><a class=\"more-link\" href=\"https:\/\/www.al-pa.cz\/rovne-nebo-lokny-muzete-mit-oboji\/\">Continue reading <span class=\"screen-reader-text\">Rovn\u00e9 nebo lokny? M\u016f\u017eete m\u00edt oboj\u00ed<\/span><\/a><\/div>","datePublished":"2023-06-07","dateModified":"2023-06-07","author":{"@type":"Person","@id":"https:\/\/www.al-pa.cz\/author\/#Person","name":"","url":"https:\/\/www.al-pa.cz\/author\/","identifier":1,"image":{"@type":"ImageObject","@id":"https:\/\/secure.gravatar.com\/avatar\/80bc9a30a8183589d38927f3b57d5a9aa763777ca2942415b346d54d020a9840?s=96&d=mm&r=g","url":"https:\/\/secure.gravatar.com\/avatar\/80bc9a30a8183589d38927f3b57d5a9aa763777ca2942415b346d54d020a9840?s=96&d=mm&r=g","height":96,"width":96}},"publisher":{"@type":"Organization","name":"al-pa.cz","logo":{"@type":"ImageObject","@id":"\/logo.png","url":"\/logo.png","width":600,"height":60}},"image":{"@type":"ImageObject","@id":"https:\/\/www.al-pa.cz\/wp-content\/uploads\/img_a318371_w2050_t1529262587.jpg","url":"https:\/\/www.al-pa.cz\/wp-content\/uploads\/img_a318371_w2050_t1529262587.jpg","height":0,"width":0},"url":"https:\/\/www.al-pa.cz\/rovne-nebo-lokny-muzete-mit-oboji\/","wordCount":401,"articleBody":"Ka\u017ed\u00e1 \u017eena tou\u017e\u00ed po kr\u00e1sn\u00fdch vlasech a ka\u017ed\u00e1 z n\u00e1s tou\u017e\u00ed p\u0159esn\u011b po tom, co nem\u00e1. Majitelka rovn\u00fdch vlas\u016f by cht\u011bla vlnit\u00e9. \u017dena s kudrnatou h\u0159\u00edvou naopak prahne po vlasech rovn\u00fdch jako h\u0159eb\u00edky. A\u0165 u\u017e pat\u0159\u00edte k jedn\u00e9 nebo druh\u00e9 skupin\u011b, nebo prost\u011b jen pot\u0159ebujete zkrotit rozl\u00e9tan\u00e9 \u010di krepat\u00e9 vlasy, neobejdete se, krom\u011b n\u011bkolika stylingov\u00fdch p\u0159\u00edpravk\u016f, ani bez \u017eehli\u010dky nebo kulmy na vlasy.&#13; Co kdy\u017e ale r\u00e1da m\u011bn\u00edte sv\u016fj vzhled? Jednou m\u00e1te n\u00e1ladu na rovn\u00fd uhlazen\u00fd \u00fa\u010des, p\u0159i jin\u00e9 p\u0159\u00edle\u017eitosti byste r\u00e1da m\u011bla pravideln\u00e9 lokny. Nemus\u00edte kupovat dva spot\u0159ebi\u010de, kter\u00e9 zab\u00edraj\u00ed zbyte\u010dn\u011b m\u00edsto v koupeln\u011b, ani se pokusit vytvo\u0159it kudrny ru\u010dn\u011b pomoc\u00ed nat\u00e1\u010dek. Svou pr\u00e1ci skv\u011ble odvedou \u017eehli\u010dky na vlasy s funkc\u00ed loknov\u00e1n\u00ed, tzv. 2v1. Vypadaj\u00ed \u00fapln\u011b stejn\u011b jako klasick\u00e9 \u017eehli\u010dky na vlasy, jedin\u00fdm rozd\u00edlem je jejich u\u017e\u0161\u00ed \u017eehl\u00edc\u00ed plocha. Po sejmut\u00ed silikonov\u00fdch koncov\u00fdch n\u00e1stavc\u016f m\u016f\u017eete za\u010d\u00edt tvo\u0159it lokny.&#13; Finan\u010dn\u011b jsou loknovac\u00ed \u017eehli\u010dky dra\u017e\u0161\u00ed ne\u017e klasick\u00e9, ale st\u00e1le je po\u0159\u00edd\u00edte levn\u011bji, ne\u017e kdybyste po\u0159izovala samostatn\u011b \u017eehli\u010dku a k n\u00ed je\u0161t\u011b kulmu. Spot\u0159ebi\u010de 2v1 m\u00edvaj\u00ed v z\u00e1kladn\u00ed v\u00fdbav\u011b ioniza\u010dn\u00ed gener\u00e1tor, kter\u00fd br\u00e1n\u00ed vzniku statick\u00e9 elekt\u0159iny a n\u00e1sledn\u011b odst\u00e1t\u00fdm vlas\u016fm. \u017dehl\u00edc\u00ed plochy jsou vyroben\u00e9 z materi\u00e1l\u016f nepo\u0161kozuj\u00edc\u00edch vlasov\u00e9 vl\u00e1kno, nej\u010dast\u011bji keramick\u00fd nebo diamantovo-keramick\u00fd povrch. I tak je ale vhodn\u00e9 p\u0159ed pou\u017eit\u00edm vlasy o\u0161et\u0159it speci\u00e1ln\u00edm p\u0159\u00edpravkem chr\u00e1n\u00edc\u00edm p\u0159ed vysok\u00fdmi teplotami. Samoz\u0159ejmost\u00ed b\u00fdv\u00e1 digit\u00e1ln\u00ed displej, mo\u017enost nastaven\u00ed teploty, automatick\u00e9 vypnut\u00ed, cestovn\u00ed pouzdro.&#13; Pokud zat\u00edm nem\u00e1te ani \u017eehli\u010dku nebo kulmu a m\u00e1te dojem, \u017ee si vysta\u010d\u00edte s f\u00e9nem na vlasy, dejte jim \u0161anci. Oproti zdlouhav\u00e9mu vyfouk\u00e1v\u00e1n\u00ed je \u017eehlen\u00ed nebo loknov\u00e1n\u00ed opravdovou rychlovkou a nepot\u0159ebujete k tomu ani kade\u0159nick\u00e9 nad\u00e1n\u00ed. Perfektn\u00edch v\u00fdsledk\u016f s nimi dos\u00e1hne bez v\u011bt\u0161\u00ed n\u00e1mahy ka\u017ed\u00e1 z n\u00e1s. Mohu V\u00e1m garantovat, \u017ee k foukan\u00e9 \u00faprav\u011b vlas\u016f u\u017e se nevr\u00e1t\u00edte.                                                                                                                                                                                                                                                                                                                                                                                        4.3\/5 - (11 votes)        "},{"@context":"https:\/\/schema.org\/","@type":"BreadcrumbList","itemListElement":[{"@type":"ListItem","position":1,"name":"Rovn\u00e9 nebo lokny? M\u016f\u017eete m\u00edt oboj\u00ed","item":"https:\/\/www.al-pa.cz\/rovne-nebo-lokny-muzete-mit-oboji\/#breadcrumbitem"}]}]