[{"@context":"https:\/\/schema.org\/","@type":"Article","@id":"https:\/\/www.al-pa.cz\/rizeni-auta-nebo-motorky-neni-pro-kazdeho\/#Article","mainEntityOfPage":"https:\/\/www.al-pa.cz\/rizeni-auta-nebo-motorky-neni-pro-kazdeho\/","headline":"\u0158\u00edzen\u00ed auta nebo motorky nen\u00ed pro ka\u017ed\u00e9ho","name":"\u0158\u00edzen\u00ed auta nebo motorky nen\u00ed pro ka\u017ed\u00e9ho","description":"Mysl\u00edte si, \u017ee je pro v\u0161echny \u0159\u00edzen\u00ed auta nebo motorky? Mu\u017ei si te\u010f jist\u011b pomysl\u00ed, \u017ee n\u011bco takov\u00e9ho nen\u00ed pro \u017eeny. Je to ale jen jejich n\u00e1zor, proto\u017ee i mezi \u017eenami se najdou velice dobr\u00e9 \u0159idi\u010dky, kter\u00e9 jsou kolikr\u00e1t je\u0161t\u011b lep\u0161\u00ed v\u00a0\u0159\u00edzen\u00ed, ne\u017e mu\u017ei. Mu\u017ei si ale n\u011bco takov\u00e9ho nikdy nep\u0159iznaj\u00ed, tak\u017ee nem\u00e1 smysl se&hellip; <div><a class=\"more-link\" href=\"https:\/\/www.al-pa.cz\/rizeni-auta-nebo-motorky-neni-pro-kazdeho\/\">Continue reading <span class=\"screen-reader-text\">\u0158\u00edzen\u00ed auta nebo motorky nen\u00ed pro ka\u017ed\u00e9ho<\/span><\/a><\/div>","datePublished":"2022-05-05","dateModified":"2023-06-07","author":{"@type":"Person","@id":"https:\/\/www.al-pa.cz\/author\/#Person","name":"","url":"https:\/\/www.al-pa.cz\/author\/","identifier":1,"image":{"@type":"ImageObject","@id":"https:\/\/secure.gravatar.com\/avatar\/80bc9a30a8183589d38927f3b57d5a9aa763777ca2942415b346d54d020a9840?s=96&d=mm&r=g","url":"https:\/\/secure.gravatar.com\/avatar\/80bc9a30a8183589d38927f3b57d5a9aa763777ca2942415b346d54d020a9840?s=96&d=mm&r=g","height":96,"width":96}},"publisher":{"@type":"Organization","name":"al-pa.cz","logo":{"@type":"ImageObject","@id":"\/logo.png","url":"\/logo.png","width":600,"height":60}},"image":{"@type":"ImageObject","@id":"https:\/\/www.al-pa.cz\/wp-content\/uploads\/kluk%20a%20auto.JPG","url":"https:\/\/www.al-pa.cz\/wp-content\/uploads\/kluk%20a%20auto.JPG","height":0,"width":0},"url":"https:\/\/www.al-pa.cz\/rizeni-auta-nebo-motorky-neni-pro-kazdeho\/","about":["Auto moto"],"wordCount":447,"articleBody":"Mysl\u00edte si, \u017ee je pro v\u0161echny \u0159\u00edzen\u00ed auta nebo motorky? Mu\u017ei si te\u010f jist\u011b pomysl\u00ed, \u017ee n\u011bco takov\u00e9ho nen\u00ed pro \u017eeny. Je to ale jen jejich n\u00e1zor, proto\u017ee i mezi \u017eenami se najdou velice dobr\u00e9 \u0159idi\u010dky, kter\u00e9 jsou kolikr\u00e1t je\u0161t\u011b lep\u0161\u00ed v\u00a0\u0159\u00edzen\u00ed, ne\u017e mu\u017ei. Mu\u017ei si ale n\u011bco takov\u00e9ho nikdy nep\u0159iznaj\u00ed, tak\u017ee nem\u00e1 smysl se v\u016fbec sna\u017eit o to, aby dan\u00fd mu\u017e n\u011bco uznal.\u0158\u00edzen\u00ed a to a\u0165 u\u017e automobilu nebo motorky opravdu nen\u00ed pro ka\u017ed\u00e9ho. Najdou se ale lid\u00e9, kter\u00fdm to nap\u0159\u00edklad jde v\u00a0aut\u011b, ale u\u017e jim to nejde na motorce a naopak. Je to zvl\u00e1\u0161tn\u00ed, ale opravdu se s\u00a0n\u011b\u010d\u00edm takov\u00fdm m\u016f\u017eeme dnes setkat.Jestli\u017ee zrovna d\u011bl\u00e1te auto\u0161kolu nebo \u0159idi\u010d\u00e1k na motorku, ale m\u00e1te pocit, \u017ee v\u00e1m to nejde tak, jak by v\u00e1m to j\u00edt m\u011blo, nic si z\u00a0toho ned\u011blejte. Je spousta lid\u00ed, kte\u0159\u00ed nebyli v\u00a0auto\u0161kole v\u016fbec dob\u0159\u00ed a dnes jezd\u00ed tak dob\u0159e, \u017ee s\u00a0nimi nikdo nem\u00e1 strach jet.\u00a0V\u00a0auto\u0161kole kolikr\u00e1t \u010dlov\u011bka nau\u010d\u00ed jen z\u00e1klad a \u010dlov\u011bk se v\u0161e dou\u010d\u00ed a\u017e pot\u00e9, co za\u010dne pravideln\u011b jezdit. Ur\u010dit\u011b si z\u00a0toho v\u00a0p\u0159\u00edpad\u011b, \u017ee jste teprve v\u00a0auto\u0161kole a nejde v\u00e1m to, nic ned\u011blejte.Jakmile ale budete sami jezdit a budete m\u00edt pocit, \u017ee n\u011bco takov\u00e9ho nen\u00ed pro v\u00e1s, a\u017e teprve tehdy bude pochopiteln\u00e9, pokud nebudete ji\u017e nad\u00e1le jezdit, proto\u017ee m\u00e1te strach, \u017ee ohroz\u00edte jak sebe, tak i ostatn\u00ed \u0159idi\u010de. N\u011bkdy \u010dlov\u011bku pom\u016f\u017ee, pokud s\u00a0n\u00edm n\u011bjakou dobu je\u0161t\u011b n\u011bkdo jezd\u00ed a vysv\u011btl\u00ed mu, jak se maj\u00ed ur\u010dit\u00e9 v\u011bci d\u011blat, ale pokud nepom\u016f\u017ee ani to, bude nejlep\u0161\u00ed se na n\u011bco takov\u00e9ho vyka\u0161lat. Je to ur\u010dit\u011b mnohem lep\u0161\u00ed, ne\u017e se tr\u00e1pit, \u017ee v\u00e1m to nejde a \u017ee pokud to takhle p\u016fjde d\u00e1l, m\u016f\u017eete t\u00edm zp\u016fsobit nehodu.Opravdu ne ka\u017ed\u00fd je na \u0159\u00edzen\u00ed. Nejen \u017een\u00e1m, ale i spoust\u011b mu\u017e\u016f n\u011bco takov\u00e9ho v\u016fbec nejde a i p\u0159esto, \u017ee by se r\u00e1di v\u0161emu nau\u010dili, nejde to tak, jak si p\u0159edstavovali.\u00a0Ne v\u0161ichni jsou ur\u010deni k\u00a0tomu, aby \u0159\u00eddili, tak\u017ee je pot\u0159eba br\u00e1t to tak, \u017ee jste si to alespo\u0148 zkusili, ale v\u00edte, \u017ee n\u011bco takov\u00e9ho pro v\u00e1s nen\u00ed.                                                                                                                                                                                                                                                                                                                                                                                        4.3\/5 - (9 votes)        "},{"@context":"https:\/\/schema.org\/","@type":"BreadcrumbList","itemListElement":[{"@type":"ListItem","position":1,"name":"\u0158\u00edzen\u00ed auta nebo motorky nen\u00ed pro ka\u017ed\u00e9ho","item":"https:\/\/www.al-pa.cz\/rizeni-auta-nebo-motorky-neni-pro-kazdeho\/#breadcrumbitem"}]}]