[{"@context":"https:\/\/schema.org\/","@type":"Blog","@id":"https:\/\/www.al-pa.cz#Blog","headline":"Al-Pa","description":"\nI kdy\u017e nen\u00ed internetov\u00e1 str\u00e1nka ani vzd\u00e1len\u011b p\u0159ipom\u00ednaj\u00edc\u00ed z\u00e1chrann\u00fd kruh, p\u0159esto v\u00e1m ta na\u0161e ur\u010dit\u011b v\u017edy pom\u016f\u017ee udr\u017eet se spolehliv\u011b nad vodou.","url":"https:\/\/www.al-pa.cz","hasPart":[{"@type":"Article","@id":"https:\/\/www.al-pa.cz\/protein\/","headline":"Protein","url":"https:\/\/www.al-pa.cz\/protein\/","datePublished":"2021-10-30","dateModified":"2023-06-07","mainEntityOfPage":"https:\/\/www.al-pa.cz\/protein\/","author":{"@type":"Person","@id":"https:\/\/www.al-pa.cz\/author\/#Person","name":"","url":"https:\/\/www.al-pa.cz\/author\/","identifier":1,"image":{"@type":"ImageObject","@id":"https:\/\/secure.gravatar.com\/avatar\/80bc9a30a8183589d38927f3b57d5a9aa763777ca2942415b346d54d020a9840?s=96&d=mm&r=g","url":"https:\/\/secure.gravatar.com\/avatar\/80bc9a30a8183589d38927f3b57d5a9aa763777ca2942415b346d54d020a9840?s=96&d=mm&r=g","height":96,"width":96}},"publisher":{"@type":"Organization","name":"al-pa.cz","logo":{"@type":"ImageObject","@id":"\/logo.png","url":"\/logo.png","width":600,"height":60}},"image":{"@type":"ImageObject","@id":"https:\/\/www.al-pa.cz\/wp-content\/uploads\/protein%20goodly_1.png","url":"https:\/\/www.al-pa.cz\/wp-content\/uploads\/protein%20goodly_1.png","height":0,"width":0},"wordCount":585,"keywords":null},{"@type":"Article","@id":"https:\/\/www.al-pa.cz\/starozitny-nabytek\/","headline":"Staro\u017eitn\u00fd n\u00e1bytek","url":"https:\/\/www.al-pa.cz\/starozitny-nabytek\/","datePublished":"2021-10-18","dateModified":"2023-06-07","mainEntityOfPage":"https:\/\/www.al-pa.cz\/starozitny-nabytek\/","author":{"@type":"Person","@id":"https:\/\/www.al-pa.cz\/author\/#Person","name":"","url":"https:\/\/www.al-pa.cz\/author\/","identifier":1,"image":{"@type":"ImageObject","@id":"https:\/\/secure.gravatar.com\/avatar\/80bc9a30a8183589d38927f3b57d5a9aa763777ca2942415b346d54d020a9840?s=96&d=mm&r=g","url":"https:\/\/secure.gravatar.com\/avatar\/80bc9a30a8183589d38927f3b57d5a9aa763777ca2942415b346d54d020a9840?s=96&d=mm&r=g","height":96,"width":96}},"publisher":{"@type":"Organization","name":"al-pa.cz","logo":{"@type":"ImageObject","@id":"\/logo.png","url":"\/logo.png","width":600,"height":60}},"image":{"@type":"ImageObject","@id":"https:\/\/www.al-pa.cz\/wp-content\/uploads\/Luxusn%C3%AD%20postel.png","url":"https:\/\/www.al-pa.cz\/wp-content\/uploads\/Luxusn%C3%AD%20postel.png","height":0,"width":0},"wordCount":601,"keywords":null},{"@type":"Article","@id":"https:\/\/www.al-pa.cz\/mit-instalatera-pri-ruce-je-k-nezaplaceni\/","headline":"M\u00edt instalat\u00e9ra p\u0159i ruce je k nezaplacen\u00ed","url":"https:\/\/www.al-pa.cz\/mit-instalatera-pri-ruce-je-k-nezaplaceni\/","datePublished":"2021-10-14","dateModified":"2023-06-07","mainEntityOfPage":"https:\/\/www.al-pa.cz\/mit-instalatera-pri-ruce-je-k-nezaplaceni\/","author":{"@type":"Person","@id":"https:\/\/www.al-pa.cz\/author\/#Person","name":"","url":"https:\/\/www.al-pa.cz\/author\/","identifier":1,"image":{"@type":"ImageObject","@id":"https:\/\/secure.gravatar.com\/avatar\/80bc9a30a8183589d38927f3b57d5a9aa763777ca2942415b346d54d020a9840?s=96&d=mm&r=g","url":"https:\/\/secure.gravatar.com\/avatar\/80bc9a30a8183589d38927f3b57d5a9aa763777ca2942415b346d54d020a9840?s=96&d=mm&r=g","height":96,"width":96}},"publisher":{"@type":"Organization","name":"al-pa.cz","logo":{"@type":"ImageObject","@id":"\/logo.png","url":"\/logo.png","width":600,"height":60}},"image":{"@type":"ImageObject","@id":"https:\/\/www.al-pa.cz\/wp-content\/uploads\/zrezl%C3%A9%20kohoutky.jpg","url":"https:\/\/www.al-pa.cz\/wp-content\/uploads\/zrezl%C3%A9%20kohoutky.jpg","height":0,"width":0},"wordCount":814,"keywords":null},{"@type":"Article","@id":"https:\/\/www.al-pa.cz\/bytovy-architekt-proc-ne\/","headline":"Bytov\u00fd architekt? Pro\u010d ne!","url":"https:\/\/www.al-pa.cz\/bytovy-architekt-proc-ne\/","datePublished":"2021-09-27","dateModified":"2023-06-07","mainEntityOfPage":"https:\/\/www.al-pa.cz\/bytovy-architekt-proc-ne\/","author":{"@type":"Person","@id":"https:\/\/www.al-pa.cz\/author\/#Person","name":"","url":"https:\/\/www.al-pa.cz\/author\/","identifier":1,"image":{"@type":"ImageObject","@id":"https:\/\/secure.gravatar.com\/avatar\/80bc9a30a8183589d38927f3b57d5a9aa763777ca2942415b346d54d020a9840?s=96&d=mm&r=g","url":"https:\/\/secure.gravatar.com\/avatar\/80bc9a30a8183589d38927f3b57d5a9aa763777ca2942415b346d54d020a9840?s=96&d=mm&r=g","height":96,"width":96}},"publisher":{"@type":"Organization","name":"al-pa.cz","logo":{"@type":"ImageObject","@id":"\/logo.png","url":"\/logo.png","width":600,"height":60}},"image":{"@type":"ImageObject","@id":"https:\/\/www.al-pa.cz\/wp-content\/uploads\/architekt%20v%20kancel%C3%A1%C5%99i_1.jpg","url":"https:\/\/www.al-pa.cz\/wp-content\/uploads\/architekt%20v%20kancel%C3%A1%C5%99i_1.jpg","height":0,"width":0},"wordCount":951,"keywords":null},{"@type":"Article","@id":"https:\/\/www.al-pa.cz\/stavebni-firma-ktera-stoji-za-to\/","headline":"Stavebn\u00ed firma, kter\u00e1 stoj\u00ed za to","url":"https:\/\/www.al-pa.cz\/stavebni-firma-ktera-stoji-za-to\/","datePublished":"2021-09-19","dateModified":"2023-06-07","mainEntityOfPage":"https:\/\/www.al-pa.cz\/stavebni-firma-ktera-stoji-za-to\/","author":{"@type":"Person","@id":"https:\/\/www.al-pa.cz\/author\/#Person","name":"","url":"https:\/\/www.al-pa.cz\/author\/","identifier":1,"image":{"@type":"ImageObject","@id":"https:\/\/secure.gravatar.com\/avatar\/80bc9a30a8183589d38927f3b57d5a9aa763777ca2942415b346d54d020a9840?s=96&d=mm&r=g","url":"https:\/\/secure.gravatar.com\/avatar\/80bc9a30a8183589d38927f3b57d5a9aa763777ca2942415b346d54d020a9840?s=96&d=mm&r=g","height":96,"width":96}},"publisher":{"@type":"Organization","name":"al-pa.cz","logo":{"@type":"ImageObject","@id":"\/logo.png","url":"\/logo.png","width":600,"height":60}},"image":{"@type":"ImageObject","@id":"https:\/\/www.al-pa.cz\/wp-content\/uploads\/stavebn%C3%AD%20firma_2.jpg","url":"https:\/\/www.al-pa.cz\/wp-content\/uploads\/stavebn%C3%AD%20firma_2.jpg","height":0,"width":0},"wordCount":532,"keywords":null},{"@type":"Article","@id":"https:\/\/www.al-pa.cz\/kazdy-by-mel-zustat-sportovcem\/","headline":"Ka\u017ed\u00fd by m\u011bl z\u016fstat sportovcem","url":"https:\/\/www.al-pa.cz\/kazdy-by-mel-zustat-sportovcem\/","datePublished":"2021-09-14","dateModified":"2023-06-07","mainEntityOfPage":"https:\/\/www.al-pa.cz\/kazdy-by-mel-zustat-sportovcem\/","author":{"@type":"Person","@id":"https:\/\/www.al-pa.cz\/author\/#Person","name":"","url":"https:\/\/www.al-pa.cz\/author\/","identifier":1,"image":{"@type":"ImageObject","@id":"https:\/\/secure.gravatar.com\/avatar\/80bc9a30a8183589d38927f3b57d5a9aa763777ca2942415b346d54d020a9840?s=96&d=mm&r=g","url":"https:\/\/secure.gravatar.com\/avatar\/80bc9a30a8183589d38927f3b57d5a9aa763777ca2942415b346d54d020a9840?s=96&d=mm&r=g","height":96,"width":96}},"publisher":{"@type":"Organization","name":"al-pa.cz","logo":{"@type":"ImageObject","@id":"\/logo.png","url":"\/logo.png","width":600,"height":60}},"image":{"@type":"ImageObject","@id":"https:\/\/www.al-pa.cz\/wp-content\/uploads\/happy-child-ge5f7ade3c_640.jpg","url":"https:\/\/www.al-pa.cz\/wp-content\/uploads\/happy-child-ge5f7ade3c_640.jpg","height":0,"width":0},"wordCount":555,"keywords":null},{"@type":"Article","@id":"https:\/\/www.al-pa.cz\/jaky-reklamni-textil-se-nejcasteji-pouziva-v-propagaci\/","headline":"Jak\u00fd reklamn\u00ed textil se nej\u010dast\u011bji pou\u017e\u00edv\u00e1 v propagaci","url":"https:\/\/www.al-pa.cz\/jaky-reklamni-textil-se-nejcasteji-pouziva-v-propagaci\/","datePublished":"2021-08-24","dateModified":"2023-06-07","mainEntityOfPage":"https:\/\/www.al-pa.cz\/jaky-reklamni-textil-se-nejcasteji-pouziva-v-propagaci\/","author":{"@type":"Person","@id":"https:\/\/www.al-pa.cz\/author\/#Person","name":"","url":"https:\/\/www.al-pa.cz\/author\/","identifier":1,"image":{"@type":"ImageObject","@id":"https:\/\/secure.gravatar.com\/avatar\/80bc9a30a8183589d38927f3b57d5a9aa763777ca2942415b346d54d020a9840?s=96&d=mm&r=g","url":"https:\/\/secure.gravatar.com\/avatar\/80bc9a30a8183589d38927f3b57d5a9aa763777ca2942415b346d54d020a9840?s=96&d=mm&r=g","height":96,"width":96}},"publisher":{"@type":"Organization","name":"al-pa.cz","logo":{"@type":"ImageObject","@id":"\/logo.png","url":"\/logo.png","width":600,"height":60}},"image":{"@type":"ImageObject","@id":"https:\/\/www.al-pa.cz\/wp-content\/uploads\/textil1.jpg","url":"https:\/\/www.al-pa.cz\/wp-content\/uploads\/textil1.jpg","height":0,"width":0},"wordCount":677,"keywords":null},{"@type":"Article","@id":"https:\/\/www.al-pa.cz\/letaky-podle-potreby\/","headline":"Let\u00e1ky podle pot\u0159eby","url":"https:\/\/www.al-pa.cz\/letaky-podle-potreby\/","datePublished":"2021-07-18","dateModified":"2023-08-21","mainEntityOfPage":"https:\/\/www.al-pa.cz\/letaky-podle-potreby\/","author":{"@type":"Person","@id":"https:\/\/www.al-pa.cz\/author\/#Person","name":"","url":"https:\/\/www.al-pa.cz\/author\/","identifier":1,"image":{"@type":"ImageObject","@id":"https:\/\/secure.gravatar.com\/avatar\/80bc9a30a8183589d38927f3b57d5a9aa763777ca2942415b346d54d020a9840?s=96&d=mm&r=g","url":"https:\/\/secure.gravatar.com\/avatar\/80bc9a30a8183589d38927f3b57d5a9aa763777ca2942415b346d54d020a9840?s=96&d=mm&r=g","height":96,"width":96}},"publisher":{"@type":"Organization","name":"al-pa.cz","logo":{"@type":"ImageObject","@id":"\/logo.png","url":"\/logo.png","width":600,"height":60}},"image":{"@type":"ImageObject","@id":"https:\/\/www.al-pa.cz\/wp-content\/uploads\/let%C3%A1k_JL2By0.jpg","url":"https:\/\/www.al-pa.cz\/wp-content\/uploads\/let%C3%A1k_JL2By0.jpg","height":0,"width":0},"wordCount":519,"keywords":null},{"@type":"Article","@id":"https:\/\/www.al-pa.cz\/jak-zabalit-krehkou-zasilku\/","headline":"Jak zabalit k\u0159ehkou z\u00e1silku?","url":"https:\/\/www.al-pa.cz\/jak-zabalit-krehkou-zasilku\/","datePublished":"2021-06-21","dateModified":"2023-06-07","mainEntityOfPage":"https:\/\/www.al-pa.cz\/jak-zabalit-krehkou-zasilku\/","author":{"@type":"Person","@id":"https:\/\/www.al-pa.cz\/author\/#Person","name":"","url":"https:\/\/www.al-pa.cz\/author\/","identifier":1,"image":{"@type":"ImageObject","@id":"https:\/\/secure.gravatar.com\/avatar\/80bc9a30a8183589d38927f3b57d5a9aa763777ca2942415b346d54d020a9840?s=96&d=mm&r=g","url":"https:\/\/secure.gravatar.com\/avatar\/80bc9a30a8183589d38927f3b57d5a9aa763777ca2942415b346d54d020a9840?s=96&d=mm&r=g","height":96,"width":96}},"publisher":{"@type":"Organization","name":"al-pa.cz","logo":{"@type":"ImageObject","@id":"\/logo.png","url":"\/logo.png","width":600,"height":60}},"image":{"@type":"ImageObject","@id":"https:\/\/www.al-pa.cz\/wp-content\/uploads\/bublinky%20na%20f%C3%B3lii_1.jpg","url":"https:\/\/www.al-pa.cz\/wp-content\/uploads\/bublinky%20na%20f%C3%B3lii_1.jpg","height":0,"width":0},"wordCount":800,"keywords":null},{"@type":"Article","@id":"https:\/\/www.al-pa.cz\/ukazu-vam-cestu-z-krize\/","headline":"Uk\u00e1\u017eu v\u00e1m cestu z krize","url":"https:\/\/www.al-pa.cz\/ukazu-vam-cestu-z-krize\/","datePublished":"2021-06-16","dateModified":"2023-06-07","mainEntityOfPage":"https:\/\/www.al-pa.cz\/ukazu-vam-cestu-z-krize\/","author":{"@type":"Person","@id":"https:\/\/www.al-pa.cz\/author\/#Person","name":"","url":"https:\/\/www.al-pa.cz\/author\/","identifier":1,"image":{"@type":"ImageObject","@id":"https:\/\/secure.gravatar.com\/avatar\/80bc9a30a8183589d38927f3b57d5a9aa763777ca2942415b346d54d020a9840?s=96&d=mm&r=g","url":"https:\/\/secure.gravatar.com\/avatar\/80bc9a30a8183589d38927f3b57d5a9aa763777ca2942415b346d54d020a9840?s=96&d=mm&r=g","height":96,"width":96}},"publisher":{"@type":"Organization","name":"al-pa.cz","logo":{"@type":"ImageObject","@id":"\/logo.png","url":"\/logo.png","width":600,"height":60}},"image":{"@type":"ImageObject","@id":"https:\/\/www.al-pa.cz\/wp-content\/uploads\/rozvod%20d%C4%9Bti.png","url":"https:\/\/www.al-pa.cz\/wp-content\/uploads\/rozvod%20d%C4%9Bti.png","height":0,"width":0},"wordCount":578,"keywords":null}]},{"@context":"https:\/\/schema.org","@type":"WebSite","@id":"https:\/\/www.al-pa.cz\/#website","name":"Al-Pa","url":"https:\/\/www.al-pa.cz","potentialAction":{"@type":"SearchAction","target":"https:\/\/www.al-pa.cz\/?s={search_term_string}","query-input":"required name=search_term_string"}}]