[{"@context":"https:\/\/schema.org\/","@type":"Article","@id":"https:\/\/www.al-pa.cz\/myty-o-psech\/#Article","mainEntityOfPage":"https:\/\/www.al-pa.cz\/myty-o-psech\/","headline":"M\u00fdty o psech","name":"M\u00fdty o psech","description":"Mo\u017en\u00e1 ne. T\u0159eba je je\u0161t\u011b \u0161ance to va\u0161e zlat\u00ed\u010dko trochu \u201esrovnat\u201c a nau\u010dit slu\u0161n\u00e9mu chov\u00e1n\u00ed u stolu. A pod stolem. \u00a0 \u010clov\u011bka n\u011bkdy ani nenapadne se nad pravdivost\u00ed n\u011bkter\u00fdch m\u00fdt\u016f zam\u00fd\u0161let. Tak jsou za\u017eit\u00e9. Je to tak opravdu? Vid\u00ed psi \u010dernob\u00edle? Nenau\u010d\u00ed se sta\u0159\u00ed psi skute\u010dn\u011b \u017e\u00e1dn\u00fd nov\u00fd kousek? Vybrali jsme pro v\u00e1s p\u011bt nejzaj\u00edmav\u011bj\u0161\u00edch&hellip; <div><a class=\"more-link\" href=\"https:\/\/www.al-pa.cz\/myty-o-psech\/\">Continue reading <span class=\"screen-reader-text\">M\u00fdty o psech<\/span><\/a><\/div>","datePublished":"2023-06-07","dateModified":"2023-06-07","author":{"@type":"Person","@id":"https:\/\/www.al-pa.cz\/author\/#Person","name":"","url":"https:\/\/www.al-pa.cz\/author\/","identifier":1,"image":{"@type":"ImageObject","@id":"https:\/\/secure.gravatar.com\/avatar\/80bc9a30a8183589d38927f3b57d5a9aa763777ca2942415b346d54d020a9840?s=96&d=mm&r=g","url":"https:\/\/secure.gravatar.com\/avatar\/80bc9a30a8183589d38927f3b57d5a9aa763777ca2942415b346d54d020a9840?s=96&d=mm&r=g","height":96,"width":96}},"publisher":{"@type":"Organization","name":"al-pa.cz","logo":{"@type":"ImageObject","@id":"\/logo.png","url":"\/logo.png","width":600,"height":60}},"image":{"@type":"ImageObject","@id":"https:\/\/www.al-pa.cz\/wp-content\/uploads\/img_a308683_w2340_t1519806634.jpg","url":"https:\/\/www.al-pa.cz\/wp-content\/uploads\/img_a308683_w2340_t1519806634.jpg","height":0,"width":0},"url":"https:\/\/www.al-pa.cz\/myty-o-psech\/","wordCount":569,"articleBody":"Mo\u017en\u00e1 ne. T\u0159eba je je\u0161t\u011b \u0161ance to va\u0161e zlat\u00ed\u010dko trochu \u201esrovnat\u201c a nau\u010dit slu\u0161n\u00e9mu chov\u00e1n\u00ed u stolu. A pod stolem.\u00a0\u010clov\u011bka n\u011bkdy ani nenapadne se nad pravdivost\u00ed n\u011bkter\u00fdch m\u00fdt\u016f zam\u00fd\u0161let. Tak jsou za\u017eit\u00e9. Je to tak opravdu? Vid\u00ed psi \u010dernob\u00edle? Nenau\u010d\u00ed se sta\u0159\u00ed psi skute\u010dn\u011b \u017e\u00e1dn\u00fd nov\u00fd kousek? Vybrali jsme pro v\u00e1s p\u011bt nejzaj\u00edmav\u011bj\u0161\u00edch tvrzen\u00ed o ps\u00edch kamar\u00e1dech.\u00a0\u00a0\tPs\u00ed blechy na \u010dlov\u011bka nejdouJist\u011b si vzpomenete na klasick\u00fd \u010desk\u00fd film a pam\u00e1tnou v\u011btu d\u011bdy Kom\u00e1rka, kde \u0159\u00edk\u00e1: \u201eTo jsou blechy ps\u00ed, ty na \u010dlov\u011bka nejdou.\u201c Nen\u00ed to ale tak \u00fapln\u011b pravda. Blecha ps\u00ed Ctenocephalides canis je tvore\u010dek pom\u011brn\u011b vz\u00e1cn\u00fd. Pejsci jsou nej\u010dast\u011bji napad\u00e1ni a zable\u0161eni blechou ko\u010di\u010d\u00ed\u00a0 Ctenocephalides felis. Blechy maj\u00ed ale mnohem rad\u0161i ps\u00ed a ko\u010di\u010d\u00ed srst a na n\u00e1s opravdu moc nejdou. Jen v p\u0159\u00edpadech, kdy jsou chlup\u00e1\u010di zable\u0161eni p\u0159\u00edli\u0161 a blechy maj\u00ed m\u00e1lo prostoru a potravy.\u00a0\tNos zdrav\u00e9ho psa je studen\u00fd a vlhk\u00fdToto tvrzen\u00ed pr\u00fd asi poch\u00e1z\u00ed ze star\u00e9ho biblick\u00e9ho p\u0159\u00edb\u011bhu. Kdy\u017e m\u011bl Noe v lodi d\u00edru, ucpal ji pes sv\u00fdm \u010dum\u00e1kem. Jako symbol t\u00e9to pomoci dal B\u016fh psovi vlhk\u00fd a studen\u00fd \u010dum\u00e1k. Kdy\u017e si v d\u00e1vn\u00fdch dob\u00e1ch lovci vyb\u00edrali psy, kupovali ty s vlhk\u00fdm \u010denichem. \u010cenich ps\u016f ale reaguje na okol\u00ed podle jeho teploty a vlhkosti. Pokud m\u00e1 tedy hork\u00fd \u010dum\u00e1k, nemus\u00ed to hned znamenat, \u017ee je nemocn\u00fd. Jestli\u017ee m\u00e1te podez\u0159en\u00ed na hore\u010dku, zm\u011b\u0159te mu rad\u011bji teplotu v kone\u010dn\u00edku nebo rovnou zajd\u011bte veterin\u00e1\u0159i.\u00a0\t\u010cernob\u00edl\u00e9 vid\u011bn\u00edJde asi o jednu z nejproslulej\u0161\u00edch ps\u00edch f\u00e1m. Odborn\u00edci \u0159\u00edkaj\u00ed, \u017ee psi vid\u00ed barevn\u011b. Rozezn\u00e1vaj\u00ed ale jin\u00e9 spektrum barev ne\u017e \u010dlov\u011bk. Maj\u00ed pouze dva o\u010dn\u00ed \u010d\u00edpky, jejich zrak je tzv. dichromatick\u00fd. Jako u barvoslep\u00fdch lid\u00ed. A to vedlo pravd\u011bpodobn\u011b k myln\u00e9mu v\u00fdkladu, \u017ee psi vlastn\u011b \u017e\u00e1dn\u00e9 barvy nerozezn\u00e1vaj\u00ed. Nevid\u00ed jen n\u011bkter\u00e9. Vn\u00edmaj\u00ed n\u011bco jako dv\u011b \u201eskupiny\u201c barev a v r\u00e1mci nich u\u017e pak nerozli\u0161uj\u00ed jednotliv\u00e9 barvy a jejich odst\u00edny. Ale oproti lidem a dal\u0161\u00edm prim\u00e1t\u016fm se t\u0159emi \u010d\u00edpky mnohem l\u00e9pe rozezn\u00e1vaj\u00ed obrysy.\u00a0\tStar\u00e9ho psa nov\u00fdm kousk\u016fm nenau\u010d\u00ed\u0161N\u011bkdy se my lid\u00e9 schov\u00e1v\u00e1me za zab\u011bhnut\u00e9 zvyky a v\u00fdmluvy.Nam\u00edsto toho zkusit n\u011bco nov\u00e9ho, jinak. A to i v p\u00e9\u010di o na\u0161eho mazl\u00edka. S trp\u011blivost\u00ed lze odnau\u010dit i n\u011bkter\u00e9 zlozvyky, jako je \u017eebr\u00e1n\u00ed j\u00eddla. Pejsci se neradi nud\u00ed a z\u00e1bavn\u00e9 u\u010den\u00ed uv\u00edtaj\u00ed v jak\u00e9mkoli v\u011bku.\u00a0\tJednou za \u017eivot \u0161t\u011b\u0148\u00e1tkaTo je \u010dast\u00fd n\u00e1m\u011bt hovor\u016f mnoh\u00fdch pejska\u0159\u016f. N\u00e1zor, \u017ee ps\u00ed d\u00e1my maj\u00ed m\u00edt alespo\u0148 jednou za \u017eivot \u0161t\u011b\u0148ata, je \u010dasto br\u00e1n jako neomyln\u00e1 pravda. \u00dadajn\u011b se tak zabr\u00e1n\u00ed n\u00e1dor\u016fm, z\u00e1n\u011btu ml\u00e9\u010dn\u00fdch \u017el\u00e1z, fale\u0161n\u00e9 b\u0159ezosti apod.. Tuto pov\u011bru ale mnoz\u00ed veterin\u00e1\u0159i striktn\u011b odm\u00edtaj\u00ed. Jako prevenci v\u00fd\u0161e uveden\u00fdch nemoc\u00ed doporu\u010duj\u00ed kastraci.                                                                                                                                                                                                                                                                                                                                                                                        4.3\/5 - (12 votes)        "},{"@context":"https:\/\/schema.org\/","@type":"BreadcrumbList","itemListElement":[{"@type":"ListItem","position":1,"name":"M\u00fdty o psech","item":"https:\/\/www.al-pa.cz\/myty-o-psech\/#breadcrumbitem"}]}]