[{"@context":"https:\/\/schema.org\/","@type":"Article","@id":"https:\/\/www.al-pa.cz\/muz-ktery-nechtel-jen-necinne-prihlizet\/#Article","mainEntityOfPage":"https:\/\/www.al-pa.cz\/muz-ktery-nechtel-jen-necinne-prihlizet\/","headline":"Mu\u017e, kter\u00fd necht\u011bl jen ne\u010dinn\u011b p\u0159ihl\u00ed\u017eet","name":"Mu\u017e, kter\u00fd necht\u011bl jen ne\u010dinn\u011b p\u0159ihl\u00ed\u017eet","description":"\u010cas od \u010dasu se mezi n\u00e1mi objev\u00ed n\u011bkdo, kdo se n\u00e1m sna\u017e\u00ed namluvit, \u017ee za v\u00e1lky k \u017e\u00e1dn\u00e9mu vyvra\u017e\u010fov\u00e1n\u00ed nedoch\u00e1zelo. \u0158\u00edk\u00e1 se jim \u201epop\u00edra\u010di holocaustu\u201c a jejich jedn\u00e1n\u00ed je pr\u00e1vem pova\u017eov\u00e1no za trestn\u00fd \u010din. \u00b7\u00a0\u00a0\u00a0\u00a0\u00a0\u00a0\u00a0\u00a0 V\u011bt\u0161inou jsou to tak\u00e9 lid\u00e9, kter\u00fdm je nacistick\u00e1 ideologie sympatick\u00e1 natolik, \u017ee by se s n\u00ed klidn\u011b ztoto\u017enili. o\u00a0\u00a0 Lid\u00e9,&hellip; <div><a class=\"more-link\" href=\"https:\/\/www.al-pa.cz\/muz-ktery-nechtel-jen-necinne-prihlizet\/\">Continue reading <span class=\"screen-reader-text\">Mu\u017e, kter\u00fd necht\u011bl jen ne\u010dinn\u011b p\u0159ihl\u00ed\u017eet<\/span><\/a><\/div>","datePublished":"2023-06-07","dateModified":"2023-06-07","author":{"@type":"Person","@id":"https:\/\/www.al-pa.cz\/author\/#Person","name":"","url":"https:\/\/www.al-pa.cz\/author\/","identifier":1,"image":{"@type":"ImageObject","@id":"https:\/\/secure.gravatar.com\/avatar\/80bc9a30a8183589d38927f3b57d5a9aa763777ca2942415b346d54d020a9840?s=96&d=mm&r=g","url":"https:\/\/secure.gravatar.com\/avatar\/80bc9a30a8183589d38927f3b57d5a9aa763777ca2942415b346d54d020a9840?s=96&d=mm&r=g","height":96,"width":96}},"publisher":{"@type":"Organization","name":"al-pa.cz","logo":{"@type":"ImageObject","@id":"\/logo.png","url":"\/logo.png","width":600,"height":60}},"image":{"@type":"ImageObject","@id":"https:\/\/www.al-pa.cz\/wp-content\/uploads\/img_a304549_w2079_t1515587599.jpg","url":"https:\/\/www.al-pa.cz\/wp-content\/uploads\/img_a304549_w2079_t1515587599.jpg","height":0,"width":0},"url":"https:\/\/www.al-pa.cz\/muz-ktery-nechtel-jen-necinne-prihlizet\/","wordCount":399,"articleBody":"\u010cas od \u010dasu se mezi n\u00e1mi objev\u00ed n\u011bkdo, kdo se n\u00e1m sna\u017e\u00ed namluvit, \u017ee za v\u00e1lky k \u017e\u00e1dn\u00e9mu vyvra\u017e\u010fov\u00e1n\u00ed nedoch\u00e1zelo. \u0158\u00edk\u00e1 se jim \u201epop\u00edra\u010di holocaustu\u201c a jejich jedn\u00e1n\u00ed je pr\u00e1vem pova\u017eov\u00e1no za trestn\u00fd \u010din.\u00b7\u00a0\u00a0\u00a0\u00a0\u00a0\u00a0\u00a0\u00a0 V\u011bt\u0161inou jsou to tak\u00e9 lid\u00e9, kter\u00fdm je nacistick\u00e1 ideologie sympatick\u00e1 natolik, \u017ee by se s n\u00ed klidn\u011b ztoto\u017enili.o\u00a0\u00a0 Lid\u00e9, kte\u0159\u00ed maj\u00ed zdrav\u00fd rozum, nedok\u00e1\u017e\u00ed toto jedn\u00e1n\u00ed a my\u0161len\u00ed pochopit.Smutn\u00e9 je, \u017ee i mezi \u010cechy se takov\u00ed lid\u00e9 najdou. Nech\u00e1pou, \u017ee Slovan\u00e9 m\u011bli p\u0159ij\u00edt tak\u00e9 na \u0159adu. Nemor\u00e1ln\u00ed ot\u00e1zka takzvan\u00e9 \u010dist\u00e9 rasy dohnala za druh\u00e9 sv\u011btov\u00e9 v\u00e1lky spoustu nevinn\u00fdch ob\u011bt\u00ed do vyhlazovac\u00edch koncentra\u010dn\u00edch t\u00e1bor\u016f. Nejstra\u0161n\u011bj\u0161\u00ed na tom je, \u017ee tam m\u00ed\u0159ily i d\u011bti.669Zat\u00edmco spousta lid\u00ed jen ne\u010dinn\u011b p\u0159ihl\u00ed\u017eela, objevili se tac\u00ed, kter\u00fdm nechyb\u011bla odvaha a rozhodli se alespo\u0148 pro ohro\u017een\u00e9 d\u011bti n\u011bco ud\u011blat. Jedn\u00edm z nich byl i britsk\u00fd bankovn\u00ed obchodn\u00edkNicholas George Winton. Roku 1938 p\u0159ij\u00ed\u017ed\u00ed do Prahy, kde chce zorganizovat odvoz d\u011bt\u00ed do Lond\u00fdna.\u00b7\u00a0\u00a0\u00a0\u00a0\u00a0\u00a0\u00a0 Jedn\u00edm z nejv\u011bt\u0161\u00edch probl\u00e9m\u016f bylo p\u0159esv\u011bd\u010dit rodi\u010de, aby sv\u00e9 d\u011bti poslali pry\u010d.\u00b7\u00a0\u00a0\u00a0\u00a0\u00a0\u00a0\u00a0 Mnoho z nich st\u00e1le je\u0161t\u011b nev\u011b\u0159ilo, \u017ee se bl\u00ed\u017e\u00ed katastrofa.Winton v Praze p\u0159esv\u011bd\u010doval rodi\u010de a jeho kolegov\u00e9 s jeho matkou v Lond\u00fdn\u011b vyb\u00edrali vhodn\u00e9 adoptivn\u00ed rodiny. V Praze se vy\u0159\u00eddily dokumenty, kter\u00e9 byly pot\u0159ebn\u00e9 k vycestov\u00e1n\u00ed. Do druh\u00e9ho srpna se poda\u0159ilo odv\u00e9zt do bezpe\u010d\u00ed \u0161est set \u0161edes\u00e1t dev\u011bt d\u011bt\u00ed. Odjezd dal\u0161\u00edho vlaku byl napl\u00e1nov\u00e1n na prvn\u00edho z\u00e1\u0159\u00ed.\u00a7\u00a0 Ten den ale za\u010dala v\u00e1lka a dv\u011b st\u011b pades\u00e1t d\u011bt\u00ed u\u017e do bezpe\u010d\u00ed neodjelo.\u00a7\u00a0 Sir Nicholas Winton pova\u017eoval pr\u00e1v\u011b tohle za nejhor\u0161\u00ed okam\u017eik ve sv\u00e9m \u017eivot\u011b.Po skon\u010den\u00ed v\u00e1lky se tento v\u00fdjime\u010dn\u00fd mu\u017e op\u011bt vr\u00e1til ke sv\u00e9 p\u016fvodn\u00ed profesi a nikde se se sv\u00fdmi z\u00e1sluhami nechlubil. V roce 1988 n\u00e1hodn\u011b jeho tajemstv\u00ed objevila man\u017eelka. S pomoc\u00ed jedn\u00e9 histori\u010dky se poda\u0159ilo zorganizovat setk\u00e1n\u00ed Nicholase Wintona se zachr\u00e1n\u011bn\u00fdmi d\u011btmi.                                                                                                                                                                                                                                                                                                                                                                                        3.6\/5 - (8 votes)        "},{"@context":"https:\/\/schema.org\/","@type":"BreadcrumbList","itemListElement":[{"@type":"ListItem","position":1,"name":"Mu\u017e, kter\u00fd necht\u011bl jen ne\u010dinn\u011b p\u0159ihl\u00ed\u017eet","item":"https:\/\/www.al-pa.cz\/muz-ktery-nechtel-jen-necinne-prihlizet\/#breadcrumbitem"}]}]