[{"@context":"https:\/\/schema.org\/","@type":"Article","@id":"https:\/\/www.al-pa.cz\/elektrina-nemusi-byt-draha\/#Article","mainEntityOfPage":"https:\/\/www.al-pa.cz\/elektrina-nemusi-byt-draha\/","headline":"Elekt\u0159ina nemus\u00ed b\u00fdt drah\u00e1","name":"Elekt\u0159ina nemus\u00ed b\u00fdt drah\u00e1","description":"Ur\u010dit\u011b m\u00e1te je\u0161t\u011b v \u017eiv\u00e9 pam\u011bti tu paniku, kdy\u017e n\u00e1hle v\u00fdrazn\u011b podra\u017eila elekt\u0159ina. I kdy\u017e v\u00e1s tato toti\u017e bezprost\u0159edn\u011b neruinovala, byl tento r\u016fst jej\u00ed ceny bolestn\u00fd, proto\u017ee podra\u017eilo i v\u0161echno ostatn\u00ed a cena proudu tak byla pro mnoh\u00e9 z n\u00e1s i posledn\u00ed kapkou, po kter\u00e9 pomysln\u00fd poh\u00e1r p\u0159etekl. A t\u011bch probl\u00e9m\u016f, co pro mnoh\u00e9 z&hellip; <div><a class=\"more-link\" href=\"https:\/\/www.al-pa.cz\/elektrina-nemusi-byt-draha\/\">Continue reading <span class=\"screen-reader-text\">Elekt\u0159ina nemus\u00ed b\u00fdt drah\u00e1<\/span><\/a><\/div>","datePublished":"2023-12-05","dateModified":"2023-12-05","author":{"@type":"Person","@id":"https:\/\/www.al-pa.cz\/author\/#Person","name":"","url":"https:\/\/www.al-pa.cz\/author\/","identifier":1,"image":{"@type":"ImageObject","@id":"https:\/\/secure.gravatar.com\/avatar\/80bc9a30a8183589d38927f3b57d5a9aa763777ca2942415b346d54d020a9840?s=96&d=mm&r=g","url":"https:\/\/secure.gravatar.com\/avatar\/80bc9a30a8183589d38927f3b57d5a9aa763777ca2942415b346d54d020a9840?s=96&d=mm&r=g","height":96,"width":96}},"publisher":{"@type":"Organization","name":"al-pa.cz","logo":{"@type":"ImageObject","@id":"\/logo.png","url":"\/logo.png","width":600,"height":60}},"image":{"@type":"ImageObject","@id":"https:\/\/www.al-pa.cz\/wp-content\/uploads\/ssssssssssssssssssssssssssssss_1.jpg","url":"https:\/\/www.al-pa.cz\/wp-content\/uploads\/ssssssssssssssssssssssssssssss_1.jpg","height":0,"width":0},"url":"https:\/\/www.al-pa.cz\/elektrina-nemusi-byt-draha\/","about":["Business"],"wordCount":409,"articleBody":"   Ur\u010dit\u011b m\u00e1te je\u0161t\u011b v \u017eiv\u00e9 pam\u011bti tu paniku, kdy\u017e n\u00e1hle v\u00fdrazn\u011b podra\u017eila elekt\u0159ina. I kdy\u017e v\u00e1s tato toti\u017e bezprost\u0159edn\u011b neruinovala, byl tento r\u016fst jej\u00ed ceny bolestn\u00fd, proto\u017ee podra\u017eilo i v\u0161echno ostatn\u00ed a cena proudu tak byla pro mnoh\u00e9 z n\u00e1s i posledn\u00ed kapkou, po kter\u00e9 pomysln\u00fd poh\u00e1r p\u0159etekl. A t\u011bch probl\u00e9m\u016f, co pro mnoh\u00e9 z n\u00e1s znamenal krach n\u011bkter\u00fdch dodavatel\u016f elekt\u0159iny a nutnost zjednat si dod\u00e1vky od n\u011bkoho jin\u00e9ho, kdo se v takov\u00e9 situaci nezdr\u00e1hal nadsadit nov\u00fdm odb\u011bratel\u016fm platby v\u00edc ne\u017e citeln\u011b!S elekt\u0159inou jsme si prost\u011b u\u017eili v posledn\u00ed dob\u011b sv\u00e9. Tentokr\u00e1t bohu\u017eel v negativn\u00edm smyslu. A dodnes n\u00e1m tu z\u016fstaly ony vysok\u00e9 ceny. I kdy\u017e n\u011bkte\u0159\u00ed dodavatel\u00e9 \u010dasem pon\u011bkud zlevnili, je tu st\u00e1le draho. A to mnoh\u00e9 lidi nut\u00ed hledat zp\u016fsoby, jak v r\u00e1mci mo\u017enost\u00ed u\u0161et\u0159it.N\u011bkte\u0159\u00ed z n\u00e1s si kupuj\u00ed \u00fasporn\u011bj\u0161\u00ed spot\u0159ebi\u010de, pokud na to maj\u00ed, n\u011bkte\u0159\u00ed d\u016fsledn\u011b zhas\u00ednaj\u00ed a vyp\u00ednaj\u00ed v\u0161e, co zrovna nepou\u017e\u00edvaj\u00ed, mnoz\u00ed omezili t\u0159eba i topen\u00ed elekt\u0159inou, kter\u00e9 se na rodinn\u00fdch rozpo\u010dtech podepisuje nejv\u00edce. Ale n\u011bkte\u0159\u00ed u\u017e dos\u00e1hli maxim\u00e1ln\u00ed \u00faspornosti, ti u\u017e nemaj\u00ed kde u\u0161et\u0159it. Ale i ti by r\u00e1di u\u0161et\u0159ili je\u0161t\u011b v\u00edce. Ale copak to jde?Ano, jde to. Kdo nechce platit tak mastn\u00e9 \u00fa\u010dty za elekt\u0159inu, jak\u00e9 je nucen platit, proto\u017ee mu ji u\u017e nikdo levn\u011bji nedod\u00e1, nemus\u00ed platit dokonce v\u016fbec \u017e\u00e1dn\u00e9 takov\u00e9 \u00fa\u010dty. A p\u0159itom se nemus\u00ed st\u00e1t neplati\u010dem se v\u0161emi negativn\u00edmi d\u016fsledky, kter\u00e9 by to p\u0159ineslo. Je tu p\u0159ece i fotovoltaika, kterou si u\u017e dnes m\u016f\u017ee po\u0159\u00eddit kdokoliv z n\u00e1s. M\u016f\u017eeme si koupit a nechat nainstalovat sol\u00e1rn\u00ed panely. Jist\u011b, nen\u00ed to zadarmo, ale je to velice rozumn\u00e1 investice. Proto\u017ee takto z\u00edskan\u00e1 elekt\u0159ina je bezplatn\u00e1, tak\u017ee u\u017e za ni lid\u00e9 maj\u00edc\u00ed sol\u00e1rn\u00ed panely nic neplat\u00ed. A mohou po dlouh\u00e1 l\u00e9ta na elekt\u0159in\u011b \u0161et\u0159it. Stoprocentn\u011b. A to je p\u0159ece rozumn\u00e1 volba. A\u0165 dodavatel\u00e9 zdra\u017e\u00ed elekt\u0159inu sebev\u00edc, lid\u00e9 se sol\u00e1rn\u00edm zdrojem elekt\u0159iny maj\u00ed sv\u00e9 jist\u00e9.                                                                                                                                                                                                                                                                                                                                                                                          4.7\/5 - (6 votes)        "},{"@context":"https:\/\/schema.org\/","@type":"BreadcrumbList","itemListElement":[{"@type":"ListItem","position":1,"name":"Elekt\u0159ina nemus\u00ed b\u00fdt drah\u00e1","item":"https:\/\/www.al-pa.cz\/elektrina-nemusi-byt-draha\/#breadcrumbitem"}]}]