{"@context":"https:\/\/schema.org\/","@type":"CollectionPage","@id":"https:\/\/www.al-pa.cz\/dum-a-zahrada\/#CollectionPage","headline":"D\u016fm a zahrada Category","description":"","url":"https:\/\/www.al-pa.cz\/dum-a-zahrada\/","hasPart":[{"@type":"Article","@id":"https:\/\/www.al-pa.cz\/bydlite-v-panelaku\/","headline":"Bydl\u00edte v panel\u00e1ku?","url":"https:\/\/www.al-pa.cz\/bydlite-v-panelaku\/","datePublished":"2022-03-21","dateModified":"2023-06-07","mainEntityOfPage":"https:\/\/www.al-pa.cz\/bydlite-v-panelaku\/","author":{"@type":"Person","@id":"https:\/\/www.al-pa.cz\/author\/#Person","name":"","url":"https:\/\/www.al-pa.cz\/author\/","identifier":1,"image":{"@type":"ImageObject","@id":"https:\/\/secure.gravatar.com\/avatar\/80bc9a30a8183589d38927f3b57d5a9aa763777ca2942415b346d54d020a9840?s=96&d=mm&r=g","url":"https:\/\/secure.gravatar.com\/avatar\/80bc9a30a8183589d38927f3b57d5a9aa763777ca2942415b346d54d020a9840?s=96&d=mm&r=g","height":96,"width":96}},"publisher":{"@type":"Organization","name":"al-pa.cz","logo":{"@type":"ImageObject","@id":"\/logo.png","url":"\/logo.png","width":600,"height":60}},"image":{"@type":"ImageObject","@id":"https:\/\/www.al-pa.cz\/wp-content\/uploads\/pexels-max-vakhtbovych-7046150_1.jpg","url":"https:\/\/www.al-pa.cz\/wp-content\/uploads\/pexels-max-vakhtbovych-7046150_1.jpg","height":0,"width":0},"keywords":null},{"@type":"Article","@id":"https:\/\/www.al-pa.cz\/kdyz-se-nepodari-dost-vydelat\/","headline":"Kdy\u017e se nepoda\u0159\u00ed dost vyd\u011blat","url":"https:\/\/www.al-pa.cz\/kdyz-se-nepodari-dost-vydelat\/","datePublished":"2022-01-08","dateModified":"2023-06-07","mainEntityOfPage":"https:\/\/www.al-pa.cz\/kdyz-se-nepodari-dost-vydelat\/","author":{"@type":"Person","@id":"https:\/\/www.al-pa.cz\/author\/#Person","name":"","url":"https:\/\/www.al-pa.cz\/author\/","identifier":1,"image":{"@type":"ImageObject","@id":"https:\/\/secure.gravatar.com\/avatar\/80bc9a30a8183589d38927f3b57d5a9aa763777ca2942415b346d54d020a9840?s=96&d=mm&r=g","url":"https:\/\/secure.gravatar.com\/avatar\/80bc9a30a8183589d38927f3b57d5a9aa763777ca2942415b346d54d020a9840?s=96&d=mm&r=g","height":96,"width":96}},"publisher":{"@type":"Organization","name":"al-pa.cz","logo":{"@type":"ImageObject","@id":"\/logo.png","url":"\/logo.png","width":600,"height":60}},"image":{"@type":"ImageObject","@id":"https:\/\/www.al-pa.cz\/wp-content\/uploads\/stovky%20dolar%C5%AF_10_5.jpg","url":"https:\/\/www.al-pa.cz\/wp-content\/uploads\/stovky%20dolar%C5%AF_10_5.jpg","height":0,"width":0},"keywords":null},{"@type":"Article","@id":"https:\/\/www.al-pa.cz\/bytovy-architekt-proc-ne\/","headline":"Bytov\u00fd architekt? Pro\u010d ne!","url":"https:\/\/www.al-pa.cz\/bytovy-architekt-proc-ne\/","datePublished":"2021-09-27","dateModified":"2023-06-07","mainEntityOfPage":"https:\/\/www.al-pa.cz\/bytovy-architekt-proc-ne\/","author":{"@type":"Person","@id":"https:\/\/www.al-pa.cz\/author\/#Person","name":"","url":"https:\/\/www.al-pa.cz\/author\/","identifier":1,"image":{"@type":"ImageObject","@id":"https:\/\/secure.gravatar.com\/avatar\/80bc9a30a8183589d38927f3b57d5a9aa763777ca2942415b346d54d020a9840?s=96&d=mm&r=g","url":"https:\/\/secure.gravatar.com\/avatar\/80bc9a30a8183589d38927f3b57d5a9aa763777ca2942415b346d54d020a9840?s=96&d=mm&r=g","height":96,"width":96}},"publisher":{"@type":"Organization","name":"al-pa.cz","logo":{"@type":"ImageObject","@id":"\/logo.png","url":"\/logo.png","width":600,"height":60}},"image":{"@type":"ImageObject","@id":"https:\/\/www.al-pa.cz\/wp-content\/uploads\/architekt%20v%20kancel%C3%A1%C5%99i_1.jpg","url":"https:\/\/www.al-pa.cz\/wp-content\/uploads\/architekt%20v%20kancel%C3%A1%C5%99i_1.jpg","height":0,"width":0},"keywords":null},{"@type":"Article","@id":"https:\/\/www.al-pa.cz\/utulne-a-malebne-pokoje-nebo-vysoce-moderni-prostredi-pro-bydleni\/","headline":"\u00datuln\u00e9 a malebn\u00e9 pokoje nebo vysoce modern\u00ed prost\u0159ed\u00ed pro bydlen\u00ed","url":"https:\/\/www.al-pa.cz\/utulne-a-malebne-pokoje-nebo-vysoce-moderni-prostredi-pro-bydleni\/","datePublished":"2019-09-11","dateModified":"2023-06-07","mainEntityOfPage":"https:\/\/www.al-pa.cz\/utulne-a-malebne-pokoje-nebo-vysoce-moderni-prostredi-pro-bydleni\/","author":{"@type":"Person","@id":"https:\/\/www.al-pa.cz\/author\/#Person","name":"","url":"https:\/\/www.al-pa.cz\/author\/","identifier":1,"image":{"@type":"ImageObject","@id":"https:\/\/secure.gravatar.com\/avatar\/80bc9a30a8183589d38927f3b57d5a9aa763777ca2942415b346d54d020a9840?s=96&d=mm&r=g","url":"https:\/\/secure.gravatar.com\/avatar\/80bc9a30a8183589d38927f3b57d5a9aa763777ca2942415b346d54d020a9840?s=96&d=mm&r=g","height":96,"width":96}},"publisher":{"@type":"Organization","name":"al-pa.cz","logo":{"@type":"ImageObject","@id":"\/logo.png","url":"\/logo.png","width":600,"height":60}},"image":{"@type":"ImageObject","@id":"https:\/\/www.al-pa.cz\/wp-content\/uploads\/img_a348295_w1722_t1562757635.jpg","url":"https:\/\/www.al-pa.cz\/wp-content\/uploads\/img_a348295_w1722_t1562757635.jpg","height":0,"width":0},"keywords":null},{"@type":"Article","@id":"https:\/\/www.al-pa.cz\/japonska-zahrada\/","headline":"Japonsk\u00e1 zahrada","url":"https:\/\/www.al-pa.cz\/japonska-zahrada\/","datePublished":"2019-08-18","dateModified":"2023-06-07","mainEntityOfPage":"https:\/\/www.al-pa.cz\/japonska-zahrada\/","author":{"@type":"Person","@id":"https:\/\/www.al-pa.cz\/author\/#Person","name":"","url":"https:\/\/www.al-pa.cz\/author\/","identifier":1,"image":{"@type":"ImageObject","@id":"https:\/\/secure.gravatar.com\/avatar\/80bc9a30a8183589d38927f3b57d5a9aa763777ca2942415b346d54d020a9840?s=96&d=mm&r=g","url":"https:\/\/secure.gravatar.com\/avatar\/80bc9a30a8183589d38927f3b57d5a9aa763777ca2942415b346d54d020a9840?s=96&d=mm&r=g","height":96,"width":96}},"publisher":{"@type":"Organization","name":"al-pa.cz","logo":{"@type":"ImageObject","@id":"\/logo.png","url":"\/logo.png","width":600,"height":60}},"image":{"@type":"ImageObject","@id":"https:\/\/www.al-pa.cz\/wp-content\/uploads\/img_a352654_w3759_t1567104603.jpg","url":"https:\/\/www.al-pa.cz\/wp-content\/uploads\/img_a352654_w3759_t1567104603.jpg","height":0,"width":0},"keywords":null}]}