{"@context":"https:\/\/schema.org\/","@type":"CollectionPage","@id":"https:\/\/www.al-pa.cz\/dovolena\/#CollectionPage","headline":"Dovolen\u00e1 Category","description":"","url":"https:\/\/www.al-pa.cz\/dovolena\/","hasPart":[{"@type":"Article","@id":"https:\/\/www.al-pa.cz\/kraj-plny-skal-kralovehradecky-kraj\/","headline":"Kraj pln\u00fd skal &#8211; Kr\u00e1lov\u00e9hradeck\u00fd kraj","url":"https:\/\/www.al-pa.cz\/kraj-plny-skal-kralovehradecky-kraj\/","datePublished":"2022-08-11","dateModified":"2023-06-07","mainEntityOfPage":"https:\/\/www.al-pa.cz\/kraj-plny-skal-kralovehradecky-kraj\/","author":{"@type":"Person","@id":"https:\/\/www.al-pa.cz\/author\/#Person","name":"","url":"https:\/\/www.al-pa.cz\/author\/","identifier":1,"image":{"@type":"ImageObject","@id":"https:\/\/secure.gravatar.com\/avatar\/80bc9a30a8183589d38927f3b57d5a9aa763777ca2942415b346d54d020a9840?s=96&d=mm&r=g","url":"https:\/\/secure.gravatar.com\/avatar\/80bc9a30a8183589d38927f3b57d5a9aa763777ca2942415b346d54d020a9840?s=96&d=mm&r=g","height":96,"width":96}},"publisher":{"@type":"Organization","name":"al-pa.cz","logo":{"@type":"ImageObject","@id":"\/logo.png","url":"\/logo.png","width":600,"height":60}},"image":{"@type":"ImageObject","@id":"https:\/\/www.al-pa.cz\/wp-content\/uploads\/pexels-bill-white-165537.jpg","url":"https:\/\/www.al-pa.cz\/wp-content\/uploads\/pexels-bill-white-165537.jpg","height":0,"width":0},"keywords":null},{"@type":"Article","@id":"https:\/\/www.al-pa.cz\/kam-vyrazit-o-dovolene\/","headline":"Kam vyrazit o dovolen\u00e9?","url":"https:\/\/www.al-pa.cz\/kam-vyrazit-o-dovolene\/","datePublished":"2022-03-22","dateModified":"2023-06-07","mainEntityOfPage":"https:\/\/www.al-pa.cz\/kam-vyrazit-o-dovolene\/","author":{"@type":"Person","@id":"https:\/\/www.al-pa.cz\/author\/#Person","name":"","url":"https:\/\/www.al-pa.cz\/author\/","identifier":1,"image":{"@type":"ImageObject","@id":"https:\/\/secure.gravatar.com\/avatar\/80bc9a30a8183589d38927f3b57d5a9aa763777ca2942415b346d54d020a9840?s=96&d=mm&r=g","url":"https:\/\/secure.gravatar.com\/avatar\/80bc9a30a8183589d38927f3b57d5a9aa763777ca2942415b346d54d020a9840?s=96&d=mm&r=g","height":96,"width":96}},"publisher":{"@type":"Organization","name":"al-pa.cz","logo":{"@type":"ImageObject","@id":"\/logo.png","url":"\/logo.png","width":600,"height":60}},"image":{"@type":"ImageObject","@id":"https:\/\/www.al-pa.cz\/wp-content\/uploads\/dovolen%C3%A1%20v%20pou%C5%A1ti.jpg","url":"https:\/\/www.al-pa.cz\/wp-content\/uploads\/dovolen%C3%A1%20v%20pou%C5%A1ti.jpg","height":0,"width":0},"keywords":null},{"@type":"Article","@id":"https:\/\/www.al-pa.cz\/pujceni-dronu-nikdy-nebylo-jednodussi\/","headline":"P\u016fj\u010den\u00ed dronu nikdy nebylo jednodu\u0161\u0161\u00ed","url":"https:\/\/www.al-pa.cz\/pujceni-dronu-nikdy-nebylo-jednodussi\/","datePublished":"2018-10-24","dateModified":"2023-06-07","mainEntityOfPage":"https:\/\/www.al-pa.cz\/pujceni-dronu-nikdy-nebylo-jednodussi\/","author":{"@type":"Person","@id":"https:\/\/www.al-pa.cz\/author\/#Person","name":"","url":"https:\/\/www.al-pa.cz\/author\/","identifier":1,"image":{"@type":"ImageObject","@id":"https:\/\/secure.gravatar.com\/avatar\/80bc9a30a8183589d38927f3b57d5a9aa763777ca2942415b346d54d020a9840?s=96&d=mm&r=g","url":"https:\/\/secure.gravatar.com\/avatar\/80bc9a30a8183589d38927f3b57d5a9aa763777ca2942415b346d54d020a9840?s=96&d=mm&r=g","height":96,"width":96}},"publisher":{"@type":"Organization","name":"al-pa.cz","logo":{"@type":"ImageObject","@id":"\/logo.png","url":"\/logo.png","width":600,"height":60}},"image":{"@type":"ImageObject","@id":"https:\/\/www.al-pa.cz\/wp-content\/uploads\/img_a328592_w1704_t1540790889.jpg","url":"https:\/\/www.al-pa.cz\/wp-content\/uploads\/img_a328592_w1704_t1540790889.jpg","height":0,"width":0},"keywords":null}]}